{"id":14677,"date":"2019-06-12T22:47:59","date_gmt":"2019-06-13T01:47:59","guid":{"rendered":"https:\/\/www.pnst.com.br\/uncategorized\/socios-participam-de-seminario-em-conjunto-com-fgv-rj-e-camara-de-comercio-internacional-da-china-ccioc\/"},"modified":"2023-03-01T17:39:22","modified_gmt":"2023-03-01T20:39:22","slug":"socios-participam-de-seminario-em-conjunto-com-fgv-rj-e-camara-de-comercio-internacional-da-china-ccioc","status":"publish","type":"post","link":"https:\/\/www.pnst.com.br\/en\/eventos-en\/socios-participam-de-seminario-em-conjunto-com-fgv-rj-e-camara-de-comercio-internacional-da-china-ccioc\/","title":{"rendered":"Partners participate in a Seminar with FGV-RJ and the International Chamber of Commerce of China (CCIOC)"},"content":{"rendered":"\n<p>Our partners Adriano Consentino, Daniel Miotto and <a href=\"https:\/\/www.pnst.com.br\/en\/profile\/renato-pacheco-e-silva-bacellar-neto\/\">Renato Pacheco Neto<\/a> participated in discussions with 25 business leaders and representatives of the International Chamber of Commerce of China (CCIOC) during the Funda\u00e7\u00e3o Get\u00falio Vargas (FGV) seminar in Rio de Janeiro, led by professors Isabela Curado and Hsia Hua Sheng, with Fu VP of Midea, who also shared experiences and challenges of her company in Brazil.<\/p>\n\n\n\n<figure class=\"wp-block-gallery has-nested-images columns-default is-cropped wp-block-gallery-1 is-layout-flex wp-block-gallery-is-layout-flex\">\n<figure class=\"wp-block-image size-large\"><img loading=\"lazy\" decoding=\"async\" width=\"800\" height=\"600\" data-id=\"14653\" src=\"https:\/\/www.pnst.com.br\/wp-content\/uploads\/2019\/06\/seminario-em-conjunto-com-FGV-RJ-e-CCIOC.jpg\" alt=\"\" class=\"wp-image-14653\" srcset=\"https:\/\/www.pnst.com.br\/wp-content\/uploads\/2019\/06\/seminario-em-conjunto-com-FGV-RJ-e-CCIOC.jpg 800w, https:\/\/www.pnst.com.br\/wp-content\/uploads\/2019\/06\/seminario-em-conjunto-com-FGV-RJ-e-CCIOC-300x225.jpg 300w, https:\/\/www.pnst.com.br\/wp-content\/uploads\/2019\/06\/seminario-em-conjunto-com-FGV-RJ-e-CCIOC-768x576.jpg 768w, https:\/\/www.pnst.com.br\/wp-content\/uploads\/2019\/06\/seminario-em-conjunto-com-FGV-RJ-e-CCIOC-580x435.jpg 580w\" sizes=\"auto, (max-width: 800px) 100vw, 800px\" \/><\/figure>\n\n\n\n<figure class=\"wp-block-image size-large\"><img loading=\"lazy\" decoding=\"async\" width=\"600\" height=\"800\" data-id=\"14665\" src=\"https:\/\/www.pnst.com.br\/wp-content\/uploads\/2019\/06\/seminario-em-conjunto-com-FGV-RJ-e-CCIOC2.jpg\" alt=\"\" class=\"wp-image-14665\" srcset=\"https:\/\/www.pnst.com.br\/wp-content\/uploads\/2019\/06\/seminario-em-conjunto-com-FGV-RJ-e-CCIOC2.jpg 600w, https:\/\/www.pnst.com.br\/wp-content\/uploads\/2019\/06\/seminario-em-conjunto-com-FGV-RJ-e-CCIOC2-225x300.jpg 225w, https:\/\/www.pnst.com.br\/wp-content\/uploads\/2019\/06\/seminario-em-conjunto-com-FGV-RJ-e-CCIOC2-580x773.jpg 580w\" sizes=\"auto, (max-width: 600px) 100vw, 600px\" \/><\/figure>\n<\/figure>\n","protected":false},"excerpt":{"rendered":"<p>Our partners Adriano Consentino, Daniel Miotto and Renato Pacheco Neto participated in discussions with 25 business leaders and representatives of the International Chamber of Commerce of China (CCIOC) during the Funda\u00e7\u00e3o Get\u00falio Vargas (FGV) seminar in Rio de Janeiro, led by professors Isabela Curado and Hsia Hua Sheng, with Fu VP of Midea, who also [&hellip;]<\/p>\n","protected":false},"author":1,"featured_media":14656,"comment_status":"closed","ping_status":"closed","sticky":false,"template":"","format":"standard","meta":{"_uag_custom_page_level_css":"","_genesis_hide_title":false,"_genesis_hide_breadcrumbs":false,"_genesis_hide_singular_image":false,"_genesis_hide_footer_widgets":false,"_genesis_custom_body_class":"","_genesis_custom_post_class":"","_genesis_layout":"","_joinchat":[],"footnotes":""},"categories":[179],"tags":[],"class_list":{"0":"post-14677","1":"post","2":"type-post","3":"status-publish","4":"format-standard","5":"has-post-thumbnail","7":"category-eventos-en","8":"entry"},"yoast_head":"<!-- This site is optimized with the Yoast SEO plugin v27.4 - https:\/\/yoast.com\/product\/yoast-seo-wordpress\/ -->\n<title>Partners participate in a Seminar with FGV-RJ and the International Chamber of Commerce of China (CCIOC) - PNST<\/title>\n<meta name=\"robots\" content=\"index, follow, max-snippet:-1, max-image-preview:large, max-video-preview:-1\" \/>\n<link rel=\"canonical\" href=\"https:\/\/www.pnst.com.br\/en\/eventos-en\/socios-participam-de-seminario-em-conjunto-com-fgv-rj-e-camara-de-comercio-internacional-da-china-ccioc\/\" \/>\n<meta property=\"og:locale\" content=\"en_US\" \/>\n<meta property=\"og:type\" content=\"article\" \/>\n<meta property=\"og:title\" content=\"Partners participate in a Seminar with FGV-RJ and the International Chamber of Commerce of China (CCIOC) - PNST\" \/>\n<meta property=\"og:description\" content=\"Our partners Adriano Consentino, Daniel Miotto and Renato Pacheco Neto participated in discussions with 25 business leaders and representatives of the International Chamber of Commerce of China (CCIOC) during the Funda\u00e7\u00e3o Get\u00falio Vargas (FGV) seminar in Rio de Janeiro, led by professors Isabela Curado and Hsia Hua Sheng, with Fu VP of Midea, who also [&hellip;]\" \/>\n<meta property=\"og:url\" content=\"https:\/\/www.pnst.com.br\/en\/eventos-en\/socios-participam-de-seminario-em-conjunto-com-fgv-rj-e-camara-de-comercio-internacional-da-china-ccioc\/\" \/>\n<meta property=\"og:site_name\" content=\"PNST\" \/>\n<meta property=\"article:publisher\" content=\"https:\/\/www.facebook.com\/PNSTADVOGADOS\" \/>\n<meta property=\"article:published_time\" content=\"2019-06-13T01:47:59+00:00\" \/>\n<meta property=\"article:modified_time\" content=\"2023-03-01T20:39:22+00:00\" \/>\n<meta property=\"og:image\" content=\"https:\/\/www.pnst.com.br\/wp-content\/uploads\/2019\/06\/seminario-em-conjunto-com-FGV-RJ-e-CCIOC.jpg\" \/>\n\t<meta property=\"og:image:width\" content=\"800\" \/>\n\t<meta property=\"og:image:height\" content=\"600\" \/>\n\t<meta property=\"og:image:type\" content=\"image\/jpeg\" \/>\n<meta name=\"author\" content=\"admin\" \/>\n<meta name=\"twitter:card\" content=\"summary_large_image\" \/>\n<meta name=\"twitter:label1\" content=\"Written by\" \/>\n\t<meta name=\"twitter:data1\" content=\"admin\" \/>\n\t<meta name=\"twitter:label2\" content=\"Est. reading time\" \/>\n\t<meta name=\"twitter:data2\" content=\"1 minute\" \/>\n<script type=\"application\/ld+json\" class=\"yoast-schema-graph\">{\"@context\":\"https:\\\/\\\/schema.org\",\"@graph\":[{\"@type\":\"Article\",\"@id\":\"https:\\\/\\\/www.pnst.com.br\\\/en\\\/eventos-en\\\/socios-participam-de-seminario-em-conjunto-com-fgv-rj-e-camara-de-comercio-internacional-da-china-ccioc\\\/#article\",\"isPartOf\":{\"@id\":\"https:\\\/\\\/www.pnst.com.br\\\/en\\\/eventos-en\\\/socios-participam-de-seminario-em-conjunto-com-fgv-rj-e-camara-de-comercio-internacional-da-china-ccioc\\\/\"},\"author\":{\"name\":\"admin\",\"@id\":\"https:\\\/\\\/www.pnst.com.br\\\/en\\\/#\\\/schema\\\/person\\\/ad8f931d7fd6c130625001021b7ac8fd\"},\"headline\":\"Partners participate in a Seminar with FGV-RJ and the International Chamber of Commerce of China (CCIOC)\",\"datePublished\":\"2019-06-13T01:47:59+00:00\",\"dateModified\":\"2023-03-01T20:39:22+00:00\",\"mainEntityOfPage\":{\"@id\":\"https:\\\/\\\/www.pnst.com.br\\\/en\\\/eventos-en\\\/socios-participam-de-seminario-em-conjunto-com-fgv-rj-e-camara-de-comercio-internacional-da-china-ccioc\\\/\"},\"wordCount\":81,\"publisher\":{\"@id\":\"https:\\\/\\\/www.pnst.com.br\\\/en\\\/#organization\"},\"image\":{\"@id\":\"https:\\\/\\\/www.pnst.com.br\\\/en\\\/eventos-en\\\/socios-participam-de-seminario-em-conjunto-com-fgv-rj-e-camara-de-comercio-internacional-da-china-ccioc\\\/#primaryimage\"},\"thumbnailUrl\":\"https:\\\/\\\/www.pnst.com.br\\\/wp-content\\\/uploads\\\/2019\\\/06\\\/seminario-em-conjunto-com-FGV-RJ-e-CCIOC.jpg\",\"articleSection\":[\"Eventos\"],\"inLanguage\":\"en-US\"},{\"@type\":\"WebPage\",\"@id\":\"https:\\\/\\\/www.pnst.com.br\\\/en\\\/eventos-en\\\/socios-participam-de-seminario-em-conjunto-com-fgv-rj-e-camara-de-comercio-internacional-da-china-ccioc\\\/\",\"url\":\"https:\\\/\\\/www.pnst.com.br\\\/en\\\/eventos-en\\\/socios-participam-de-seminario-em-conjunto-com-fgv-rj-e-camara-de-comercio-internacional-da-china-ccioc\\\/\",\"name\":\"Partners participate in a Seminar with FGV-RJ and the International Chamber of Commerce of China (CCIOC) - PNST\",\"isPartOf\":{\"@id\":\"https:\\\/\\\/www.pnst.com.br\\\/en\\\/#website\"},\"primaryImageOfPage\":{\"@id\":\"https:\\\/\\\/www.pnst.com.br\\\/en\\\/eventos-en\\\/socios-participam-de-seminario-em-conjunto-com-fgv-rj-e-camara-de-comercio-internacional-da-china-ccioc\\\/#primaryimage\"},\"image\":{\"@id\":\"https:\\\/\\\/www.pnst.com.br\\\/en\\\/eventos-en\\\/socios-participam-de-seminario-em-conjunto-com-fgv-rj-e-camara-de-comercio-internacional-da-china-ccioc\\\/#primaryimage\"},\"thumbnailUrl\":\"https:\\\/\\\/www.pnst.com.br\\\/wp-content\\\/uploads\\\/2019\\\/06\\\/seminario-em-conjunto-com-FGV-RJ-e-CCIOC.jpg\",\"datePublished\":\"2019-06-13T01:47:59+00:00\",\"dateModified\":\"2023-03-01T20:39:22+00:00\",\"breadcrumb\":{\"@id\":\"https:\\\/\\\/www.pnst.com.br\\\/en\\\/eventos-en\\\/socios-participam-de-seminario-em-conjunto-com-fgv-rj-e-camara-de-comercio-internacional-da-china-ccioc\\\/#breadcrumb\"},\"inLanguage\":\"en-US\",\"potentialAction\":[{\"@type\":\"ReadAction\",\"target\":[\"https:\\\/\\\/www.pnst.com.br\\\/en\\\/eventos-en\\\/socios-participam-de-seminario-em-conjunto-com-fgv-rj-e-camara-de-comercio-internacional-da-china-ccioc\\\/\"]}]},{\"@type\":\"ImageObject\",\"inLanguage\":\"en-US\",\"@id\":\"https:\\\/\\\/www.pnst.com.br\\\/en\\\/eventos-en\\\/socios-participam-de-seminario-em-conjunto-com-fgv-rj-e-camara-de-comercio-internacional-da-china-ccioc\\\/#primaryimage\",\"url\":\"https:\\\/\\\/www.pnst.com.br\\\/wp-content\\\/uploads\\\/2019\\\/06\\\/seminario-em-conjunto-com-FGV-RJ-e-CCIOC.jpg\",\"contentUrl\":\"https:\\\/\\\/www.pnst.com.br\\\/wp-content\\\/uploads\\\/2019\\\/06\\\/seminario-em-conjunto-com-FGV-RJ-e-CCIOC.jpg\",\"width\":800,\"height\":600},{\"@type\":\"BreadcrumbList\",\"@id\":\"https:\\\/\\\/www.pnst.com.br\\\/en\\\/eventos-en\\\/socios-participam-de-seminario-em-conjunto-com-fgv-rj-e-camara-de-comercio-internacional-da-china-ccioc\\\/#breadcrumb\",\"itemListElement\":[{\"@type\":\"ListItem\",\"position\":1,\"name\":\"Home\",\"item\":\"https:\\\/\\\/www.pnst.com.br\\\/en\\\/\"},{\"@type\":\"ListItem\",\"position\":2,\"name\":\"Partners participate in a Seminar with FGV-RJ and the International Chamber of Commerce of China (CCIOC)\"}]},{\"@type\":\"WebSite\",\"@id\":\"https:\\\/\\\/www.pnst.com.br\\\/en\\\/#website\",\"url\":\"https:\\\/\\\/www.pnst.com.br\\\/en\\\/\",\"name\":\"PNST\",\"description\":\"Pacheco Neto, Sanden, Teisseire Advogados\",\"publisher\":{\"@id\":\"https:\\\/\\\/www.pnst.com.br\\\/en\\\/#organization\"},\"potentialAction\":[{\"@type\":\"SearchAction\",\"target\":{\"@type\":\"EntryPoint\",\"urlTemplate\":\"https:\\\/\\\/www.pnst.com.br\\\/en\\\/?s={search_term_string}\"},\"query-input\":{\"@type\":\"PropertyValueSpecification\",\"valueRequired\":true,\"valueName\":\"search_term_string\"}}],\"inLanguage\":\"en-US\"},{\"@type\":\"Organization\",\"@id\":\"https:\\\/\\\/www.pnst.com.br\\\/en\\\/#organization\",\"name\":\"PNST | Pacheco Neto, Sanden, Teisseire Advogados\",\"url\":\"https:\\\/\\\/www.pnst.com.br\\\/en\\\/\",\"logo\":{\"@type\":\"ImageObject\",\"inLanguage\":\"en-US\",\"@id\":\"https:\\\/\\\/www.pnst.com.br\\\/en\\\/#\\\/schema\\\/logo\\\/image\\\/\",\"url\":\"https:\\\/\\\/www.pnst.com.br\\\/wp-content\\\/uploads\\\/2015\\\/07\\\/PNST-Pacheco-Neto-Sanden_Teisseire.jpg\",\"contentUrl\":\"https:\\\/\\\/www.pnst.com.br\\\/wp-content\\\/uploads\\\/2015\\\/07\\\/PNST-Pacheco-Neto-Sanden_Teisseire.jpg\",\"width\":262,\"height\":95,\"caption\":\"PNST | Pacheco Neto, Sanden, Teisseire Advogados\"},\"image\":{\"@id\":\"https:\\\/\\\/www.pnst.com.br\\\/en\\\/#\\\/schema\\\/logo\\\/image\\\/\"},\"sameAs\":[\"https:\\\/\\\/www.facebook.com\\\/PNSTADVOGADOS\"]},{\"@type\":\"Person\",\"@id\":\"https:\\\/\\\/www.pnst.com.br\\\/en\\\/#\\\/schema\\\/person\\\/ad8f931d7fd6c130625001021b7ac8fd\",\"name\":\"admin\",\"url\":\"https:\\\/\\\/www.pnst.com.br\\\/en\\\/author\\\/admin\\\/\"}]}<\/script>\n<!-- \/ Yoast SEO plugin. -->","yoast_head_json":{"title":"Partners participate in a Seminar with FGV-RJ and the International Chamber of Commerce of China (CCIOC) - PNST","robots":{"index":"index","follow":"follow","max-snippet":"max-snippet:-1","max-image-preview":"max-image-preview:large","max-video-preview":"max-video-preview:-1"},"canonical":"https:\/\/www.pnst.com.br\/en\/eventos-en\/socios-participam-de-seminario-em-conjunto-com-fgv-rj-e-camara-de-comercio-internacional-da-china-ccioc\/","og_locale":"en_US","og_type":"article","og_title":"Partners participate in a Seminar with FGV-RJ and the International Chamber of Commerce of China (CCIOC) - PNST","og_description":"Our partners Adriano Consentino, Daniel Miotto and Renato Pacheco Neto participated in discussions with 25 business leaders and representatives of the International Chamber of Commerce of China (CCIOC) during the Funda\u00e7\u00e3o Get\u00falio Vargas (FGV) seminar in Rio de Janeiro, led by professors Isabela Curado and Hsia Hua Sheng, with Fu VP of Midea, who also [&hellip;]","og_url":"https:\/\/www.pnst.com.br\/en\/eventos-en\/socios-participam-de-seminario-em-conjunto-com-fgv-rj-e-camara-de-comercio-internacional-da-china-ccioc\/","og_site_name":"PNST","article_publisher":"https:\/\/www.facebook.com\/PNSTADVOGADOS","article_published_time":"2019-06-13T01:47:59+00:00","article_modified_time":"2023-03-01T20:39:22+00:00","og_image":[{"width":800,"height":600,"url":"https:\/\/www.pnst.com.br\/wp-content\/uploads\/2019\/06\/seminario-em-conjunto-com-FGV-RJ-e-CCIOC.jpg","type":"image\/jpeg"}],"author":"admin","twitter_card":"summary_large_image","twitter_misc":{"Written by":"admin","Est. reading time":"1 minute"},"schema":{"@context":"https:\/\/schema.org","@graph":[{"@type":"Article","@id":"https:\/\/www.pnst.com.br\/en\/eventos-en\/socios-participam-de-seminario-em-conjunto-com-fgv-rj-e-camara-de-comercio-internacional-da-china-ccioc\/#article","isPartOf":{"@id":"https:\/\/www.pnst.com.br\/en\/eventos-en\/socios-participam-de-seminario-em-conjunto-com-fgv-rj-e-camara-de-comercio-internacional-da-china-ccioc\/"},"author":{"name":"admin","@id":"https:\/\/www.pnst.com.br\/en\/#\/schema\/person\/ad8f931d7fd6c130625001021b7ac8fd"},"headline":"Partners participate in a Seminar with FGV-RJ and the International Chamber of Commerce of China (CCIOC)","datePublished":"2019-06-13T01:47:59+00:00","dateModified":"2023-03-01T20:39:22+00:00","mainEntityOfPage":{"@id":"https:\/\/www.pnst.com.br\/en\/eventos-en\/socios-participam-de-seminario-em-conjunto-com-fgv-rj-e-camara-de-comercio-internacional-da-china-ccioc\/"},"wordCount":81,"publisher":{"@id":"https:\/\/www.pnst.com.br\/en\/#organization"},"image":{"@id":"https:\/\/www.pnst.com.br\/en\/eventos-en\/socios-participam-de-seminario-em-conjunto-com-fgv-rj-e-camara-de-comercio-internacional-da-china-ccioc\/#primaryimage"},"thumbnailUrl":"https:\/\/www.pnst.com.br\/wp-content\/uploads\/2019\/06\/seminario-em-conjunto-com-FGV-RJ-e-CCIOC.jpg","articleSection":["Eventos"],"inLanguage":"en-US"},{"@type":"WebPage","@id":"https:\/\/www.pnst.com.br\/en\/eventos-en\/socios-participam-de-seminario-em-conjunto-com-fgv-rj-e-camara-de-comercio-internacional-da-china-ccioc\/","url":"https:\/\/www.pnst.com.br\/en\/eventos-en\/socios-participam-de-seminario-em-conjunto-com-fgv-rj-e-camara-de-comercio-internacional-da-china-ccioc\/","name":"Partners participate in a Seminar with FGV-RJ and the International Chamber of Commerce of China (CCIOC) - PNST","isPartOf":{"@id":"https:\/\/www.pnst.com.br\/en\/#website"},"primaryImageOfPage":{"@id":"https:\/\/www.pnst.com.br\/en\/eventos-en\/socios-participam-de-seminario-em-conjunto-com-fgv-rj-e-camara-de-comercio-internacional-da-china-ccioc\/#primaryimage"},"image":{"@id":"https:\/\/www.pnst.com.br\/en\/eventos-en\/socios-participam-de-seminario-em-conjunto-com-fgv-rj-e-camara-de-comercio-internacional-da-china-ccioc\/#primaryimage"},"thumbnailUrl":"https:\/\/www.pnst.com.br\/wp-content\/uploads\/2019\/06\/seminario-em-conjunto-com-FGV-RJ-e-CCIOC.jpg","datePublished":"2019-06-13T01:47:59+00:00","dateModified":"2023-03-01T20:39:22+00:00","breadcrumb":{"@id":"https:\/\/www.pnst.com.br\/en\/eventos-en\/socios-participam-de-seminario-em-conjunto-com-fgv-rj-e-camara-de-comercio-internacional-da-china-ccioc\/#breadcrumb"},"inLanguage":"en-US","potentialAction":[{"@type":"ReadAction","target":["https:\/\/www.pnst.com.br\/en\/eventos-en\/socios-participam-de-seminario-em-conjunto-com-fgv-rj-e-camara-de-comercio-internacional-da-china-ccioc\/"]}]},{"@type":"ImageObject","inLanguage":"en-US","@id":"https:\/\/www.pnst.com.br\/en\/eventos-en\/socios-participam-de-seminario-em-conjunto-com-fgv-rj-e-camara-de-comercio-internacional-da-china-ccioc\/#primaryimage","url":"https:\/\/www.pnst.com.br\/wp-content\/uploads\/2019\/06\/seminario-em-conjunto-com-FGV-RJ-e-CCIOC.jpg","contentUrl":"https:\/\/www.pnst.com.br\/wp-content\/uploads\/2019\/06\/seminario-em-conjunto-com-FGV-RJ-e-CCIOC.jpg","width":800,"height":600},{"@type":"BreadcrumbList","@id":"https:\/\/www.pnst.com.br\/en\/eventos-en\/socios-participam-de-seminario-em-conjunto-com-fgv-rj-e-camara-de-comercio-internacional-da-china-ccioc\/#breadcrumb","itemListElement":[{"@type":"ListItem","position":1,"name":"Home","item":"https:\/\/www.pnst.com.br\/en\/"},{"@type":"ListItem","position":2,"name":"Partners participate in a Seminar with FGV-RJ and the International Chamber of Commerce of China (CCIOC)"}]},{"@type":"WebSite","@id":"https:\/\/www.pnst.com.br\/en\/#website","url":"https:\/\/www.pnst.com.br\/en\/","name":"PNST","description":"Pacheco Neto, Sanden, Teisseire Advogados","publisher":{"@id":"https:\/\/www.pnst.com.br\/en\/#organization"},"potentialAction":[{"@type":"SearchAction","target":{"@type":"EntryPoint","urlTemplate":"https:\/\/www.pnst.com.br\/en\/?s={search_term_string}"},"query-input":{"@type":"PropertyValueSpecification","valueRequired":true,"valueName":"search_term_string"}}],"inLanguage":"en-US"},{"@type":"Organization","@id":"https:\/\/www.pnst.com.br\/en\/#organization","name":"PNST | Pacheco Neto, Sanden, Teisseire Advogados","url":"https:\/\/www.pnst.com.br\/en\/","logo":{"@type":"ImageObject","inLanguage":"en-US","@id":"https:\/\/www.pnst.com.br\/en\/#\/schema\/logo\/image\/","url":"https:\/\/www.pnst.com.br\/wp-content\/uploads\/2015\/07\/PNST-Pacheco-Neto-Sanden_Teisseire.jpg","contentUrl":"https:\/\/www.pnst.com.br\/wp-content\/uploads\/2015\/07\/PNST-Pacheco-Neto-Sanden_Teisseire.jpg","width":262,"height":95,"caption":"PNST | Pacheco Neto, Sanden, Teisseire Advogados"},"image":{"@id":"https:\/\/www.pnst.com.br\/en\/#\/schema\/logo\/image\/"},"sameAs":["https:\/\/www.facebook.com\/PNSTADVOGADOS"]},{"@type":"Person","@id":"https:\/\/www.pnst.com.br\/en\/#\/schema\/person\/ad8f931d7fd6c130625001021b7ac8fd","name":"admin","url":"https:\/\/www.pnst.com.br\/en\/author\/admin\/"}]}},"featured_image_src":"https:\/\/www.pnst.com.br\/wp-content\/uploads\/2019\/06\/seminario-em-conjunto-com-FGV-RJ-e-CCIOC.jpg","featured_image_src_square":"https:\/\/www.pnst.com.br\/wp-content\/uploads\/2019\/06\/seminario-em-conjunto-com-FGV-RJ-e-CCIOC.jpg","author_info":{"display_name":"admin","author_link":"https:\/\/www.pnst.com.br\/en\/author\/admin\/"},"rbea_author_info":{"display_name":"admin","author_link":"https:\/\/www.pnst.com.br\/en\/author\/admin\/"},"rbea_excerpt_info":"Our partners Adriano Consentino, Daniel Miotto and Renato Pacheco Neto participated in discussions with 25 business leaders and representatives of the International Chamber of Commerce of China (CCIOC) during the Funda\u00e7\u00e3o Get\u00falio Vargas (FGV) seminar in Rio de Janeiro, led by professors Isabela Curado and Hsia Hua Sheng, with Fu VP of Midea, who also [&hellip;]","category_list":"<a href=\"https:\/\/www.pnst.com.br\/en\/c\/eventos-en\/\" rel=\"category tag\">Eventos<\/a>","comments_num":"0 comments","uagb_featured_image_src":{"full":["https:\/\/www.pnst.com.br\/wp-content\/uploads\/2019\/06\/seminario-em-conjunto-com-FGV-RJ-e-CCIOC.jpg",800,600,false],"thumbnail":["https:\/\/www.pnst.com.br\/wp-content\/uploads\/2019\/06\/seminario-em-conjunto-com-FGV-RJ-e-CCIOC-150x150.jpg",150,150,true],"medium":["https:\/\/www.pnst.com.br\/wp-content\/uploads\/2019\/06\/seminario-em-conjunto-com-FGV-RJ-e-CCIOC-300x225.jpg",300,225,true],"medium_large":["https:\/\/www.pnst.com.br\/wp-content\/uploads\/2019\/06\/seminario-em-conjunto-com-FGV-RJ-e-CCIOC-768x576.jpg",768,576,true],"large":["https:\/\/www.pnst.com.br\/wp-content\/uploads\/2019\/06\/seminario-em-conjunto-com-FGV-RJ-e-CCIOC.jpg",800,600,false],"1536x1536":["https:\/\/www.pnst.com.br\/wp-content\/uploads\/2019\/06\/seminario-em-conjunto-com-FGV-RJ-e-CCIOC.jpg",800,600,false],"2048x2048":["https:\/\/www.pnst.com.br\/wp-content\/uploads\/2019\/06\/seminario-em-conjunto-com-FGV-RJ-e-CCIOC.jpg",800,600,false],"single-featured-image":["https:\/\/www.pnst.com.br\/wp-content\/uploads\/2019\/06\/seminario-em-conjunto-com-FGV-RJ-e-CCIOC-800x385.jpg",800,385,true],"blog-featured-image":["https:\/\/www.pnst.com.br\/wp-content\/uploads\/2019\/06\/seminario-em-conjunto-com-FGV-RJ-e-CCIOC-680x290.jpg",680,290,true],"home-featured":["https:\/\/www.pnst.com.br\/wp-content\/uploads\/2019\/06\/seminario-em-conjunto-com-FGV-RJ-e-CCIOC-380x570.jpg",380,570,true],"gb-block-post-grid-landscape":["https:\/\/www.pnst.com.br\/wp-content\/uploads\/2019\/06\/seminario-em-conjunto-com-FGV-RJ-e-CCIOC.jpg",533,400,false],"gb-block-post-grid-square":["https:\/\/www.pnst.com.br\/wp-content\/uploads\/2019\/06\/seminario-em-conjunto-com-FGV-RJ-e-CCIOC.jpg",600,450,false]},"uagb_author_info":{"display_name":"admin","author_link":"https:\/\/www.pnst.com.br\/en\/author\/admin\/"},"uagb_comment_info":0,"uagb_excerpt":"Our partners Adriano Consentino, Daniel Miotto and Renato Pacheco Neto participated in discussions with 25 business leaders and representatives of the International Chamber of Commerce of China (CCIOC) during the Funda\u00e7\u00e3o Get\u00falio Vargas (FGV) seminar in Rio de Janeiro, led by professors Isabela Curado and Hsia Hua Sheng, with Fu VP of Midea, who also&hellip;","_links":{"self":[{"href":"https:\/\/www.pnst.com.br\/en\/wp-json\/wp\/v2\/posts\/14677","targetHints":{"allow":["GET"]}}],"collection":[{"href":"https:\/\/www.pnst.com.br\/en\/wp-json\/wp\/v2\/posts"}],"about":[{"href":"https:\/\/www.pnst.com.br\/en\/wp-json\/wp\/v2\/types\/post"}],"author":[{"embeddable":true,"href":"https:\/\/www.pnst.com.br\/en\/wp-json\/wp\/v2\/users\/1"}],"replies":[{"embeddable":true,"href":"https:\/\/www.pnst.com.br\/en\/wp-json\/wp\/v2\/comments?post=14677"}],"version-history":[{"count":0,"href":"https:\/\/www.pnst.com.br\/en\/wp-json\/wp\/v2\/posts\/14677\/revisions"}],"wp:featuredmedia":[{"embeddable":true,"href":"https:\/\/www.pnst.com.br\/en\/wp-json\/wp\/v2\/media\/14656"}],"wp:attachment":[{"href":"https:\/\/www.pnst.com.br\/en\/wp-json\/wp\/v2\/media?parent=14677"}],"wp:term":[{"taxonomy":"category","embeddable":true,"href":"https:\/\/www.pnst.com.br\/en\/wp-json\/wp\/v2\/categories?post=14677"},{"taxonomy":"post_tag","embeddable":true,"href":"https:\/\/www.pnst.com.br\/en\/wp-json\/wp\/v2\/tags?post=14677"}],"curies":[{"name":"wp","href":"https:\/\/api.w.org\/{rel}","templated":true}]}}